{"id":2719,"date":"2024-09-17T07:56:31","date_gmt":"2024-09-17T05:56:31","guid":{"rendered":"http:\/\/schuetzen-urbach.de\/wordpress\/?p=2719"},"modified":"2024-09-17T07:56:31","modified_gmt":"2024-09-17T05:56:31","slug":"weiter-auf-der-ueberholspur","status":"publish","type":"post","link":"http:\/\/schuetzen-urbach.de\/wordpress\/weiter-auf-der-ueberholspur\/","title":{"rendered":"Weiter auf der \u00dcberholspur"},"content":{"rendered":"<p>Nachdem sich Philipp Zahner im Juni den Titel des Di\u00f6zesanprinzen gesichert hatte, was gleichzeitig die Qualifikation zum Bundesprinzenschie\u00dfen bedeutete, durfte er aber noch einen Zwischenstopp bei der Deutschen Meisterschaft in M\u00fcnchen einlegen.<\/p>\n<p>Bereits zum dritten Mal in Folge konnte er sich qualifizieren und steigerte sich mit jeder Teilnahme. In der Klasse SH2\/AB2 der Parasportler lieferte er einmal mehr eine sehr gute Leistung ab und sicherte sich mit 417,6 Ringen den Vizetitel.<\/p>\n\n\t\t<style type=\"text\/css\">\n\t\t\t#gallery-1 {\n\t\t\t\tmargin: auto;\n\t\t\t}\n\t\t\t#gallery-1 .gallery-item {\n\t\t\t\tfloat: left;\n\t\t\t\tmargin-top: 10px;\n\t\t\t\ttext-align: center;\n\t\t\t\twidth: 100%;\n\t\t\t}\n\t\t\t#gallery-1 img {\n\t\t\t\tborder: 2px solid #cfcfcf;\n\t\t\t}\n\t\t\t#gallery-1 .gallery-caption {\n\t\t\t\tmargin-left: 0;\n\t\t\t}\n\t\t\t\/* see gallery_shortcode() in wp-includes\/media.php *\/\n\t\t<\/style>\n\t\t<div id='gallery-1' class='gallery galleryid-2719 gallery-columns-1 gallery-size-medium'><dl class='gallery-item'>\n\t\t\t<dt class='gallery-icon landscape'>\n\t\t\t\t<a href='http:\/\/schuetzen-urbach.de\/wordpress\/wp-content\/uploads\/2024\/09\/IMG-20240829-WA0004-scaled-e1726552472807.jpg' rel=\"lightbox[2719]\"><img loading=\"lazy\" decoding=\"async\" width=\"300\" height=\"200\" src=\"http:\/\/schuetzen-urbach.de\/wordpress\/wp-content\/uploads\/2024\/09\/IMG-20240829-WA0004-scaled-e1726552472807.jpg\" class=\"attachment-medium size-medium\" alt=\"\" aria-describedby=\"gallery-1-2721\" \/><\/a>\n\t\t\t<\/dt>\n\t\t\t\t<dd class='wp-caption-text gallery-caption' id='gallery-1-2721'>\n\t\t\t\tFoto: Privat\n\t\t\t\t<\/dd><\/dl><br style=\"clear: both\" \/>\n\t\t<\/div>\n\n<p>&nbsp;<\/p>\n<p>Das Bundesprinzenschie\u00dfen fand vor einer Woche in Inden-Altdorf, im Rahmen der Bundesmeisterschaft statt. Dort konnte Philipp im Vergleich zum Di\u00f6zesanprinzenschie\u00dfen noch einmal zwei Ringe drauflegen und wurde mit 29 von 30 Ringen neuer Bundesprinz. Dies ist der erste Bundesprinzentitel f\u00fcr die Urbacher Sch\u00fctzen. Am vergangenen Wochenende wurde er dann w\u00e4hrend des Bundessch\u00fctzenfestes in Rietberg feierlich gekr\u00f6nt.<\/p>\n<p>&nbsp;<\/p>\n\n\t\t<style type=\"text\/css\">\n\t\t\t#gallery-2 {\n\t\t\t\tmargin: auto;\n\t\t\t}\n\t\t\t#gallery-2 .gallery-item {\n\t\t\t\tfloat: left;\n\t\t\t\tmargin-top: 10px;\n\t\t\t\ttext-align: center;\n\t\t\t\twidth: 20%;\n\t\t\t}\n\t\t\t#gallery-2 img {\n\t\t\t\tborder: 2px solid #cfcfcf;\n\t\t\t}\n\t\t\t#gallery-2 .gallery-caption {\n\t\t\t\tmargin-left: 0;\n\t\t\t}\n\t\t\t\/* see gallery_shortcode() in wp-includes\/media.php *\/\n\t\t<\/style>\n\t\t<div id='gallery-2' class='gallery galleryid-2719 gallery-columns-5 gallery-size-thumbnail'><dl class='gallery-item'>\n\t\t\t<dt class='gallery-icon portrait'>\n\t\t\t\t<a href='http:\/\/schuetzen-urbach.de\/wordpress\/wp-content\/uploads\/2024\/09\/Bundesprinz-e1726552247911.jpg' rel=\"lightbox[2719]\"><img loading=\"lazy\" decoding=\"async\" width=\"150\" height=\"150\" src=\"http:\/\/schuetzen-urbach.de\/wordpress\/wp-content\/uploads\/2024\/09\/Bundesprinz-150x150.jpg\" class=\"attachment-thumbnail size-thumbnail\" alt=\"\" aria-describedby=\"gallery-2-2720\" srcset=\"http:\/\/schuetzen-urbach.de\/wordpress\/wp-content\/uploads\/2024\/09\/Bundesprinz-150x150.jpg 150w, http:\/\/schuetzen-urbach.de\/wordpress\/wp-content\/uploads\/2024\/09\/Bundesprinz-300x300.jpg 300w\" sizes=\"auto, (max-width: 150px) 100vw, 150px\" \/><\/a>\n\t\t\t<\/dt>\n\t\t\t\t<dd class='wp-caption-text gallery-caption' id='gallery-2-2720'>\n\t\t\t\tFoto: Privat\n\t\t\t\t<\/dd><\/dl><dl class='gallery-item'>\n\t\t\t<dt class='gallery-icon landscape'>\n\t\t\t\t<a href='http:\/\/schuetzen-urbach.de\/wordpress\/wp-content\/uploads\/2024\/09\/img_9267-scaled-e1726552271520.jpg' rel=\"lightbox[2719]\"><img loading=\"lazy\" decoding=\"async\" width=\"150\" height=\"150\" src=\"http:\/\/schuetzen-urbach.de\/wordpress\/wp-content\/uploads\/2024\/09\/img_9267-150x150.jpg\" class=\"attachment-thumbnail size-thumbnail\" alt=\"\" aria-describedby=\"gallery-2-2722\" srcset=\"http:\/\/schuetzen-urbach.de\/wordpress\/wp-content\/uploads\/2024\/09\/img_9267-150x150.jpg 150w, http:\/\/schuetzen-urbach.de\/wordpress\/wp-content\/uploads\/2024\/09\/img_9267-300x300.jpg 300w\" sizes=\"auto, (max-width: 150px) 100vw, 150px\" \/><\/a>\n\t\t\t<\/dt>\n\t\t\t\t<dd class='wp-caption-text gallery-caption' id='gallery-2-2722'>\n\t\t\t\tFoto: Privat\n\t\t\t\t<\/dd><\/dl><dl class='gallery-item'>\n\t\t\t<dt class='gallery-icon landscape'>\n\t\t\t\t<a href='http:\/\/schuetzen-urbach.de\/wordpress\/wp-content\/uploads\/2024\/09\/img_9302-scaled-e1726552287396.jpg' rel=\"lightbox[2719]\"><img loading=\"lazy\" decoding=\"async\" width=\"150\" height=\"150\" src=\"http:\/\/schuetzen-urbach.de\/wordpress\/wp-content\/uploads\/2024\/09\/img_9302-150x150.jpg\" class=\"attachment-thumbnail size-thumbnail\" alt=\"\" aria-describedby=\"gallery-2-2723\" srcset=\"http:\/\/schuetzen-urbach.de\/wordpress\/wp-content\/uploads\/2024\/09\/img_9302-150x150.jpg 150w, http:\/\/schuetzen-urbach.de\/wordpress\/wp-content\/uploads\/2024\/09\/img_9302-300x300.jpg 300w\" sizes=\"auto, (max-width: 150px) 100vw, 150px\" \/><\/a>\n\t\t\t<\/dt>\n\t\t\t\t<dd class='wp-caption-text gallery-caption' id='gallery-2-2723'>\n\t\t\t\tFoto: Privat\n\t\t\t\t<\/dd><\/dl><dl class='gallery-item'>\n\t\t\t<dt class='gallery-icon portrait'>\n\t\t\t\t<a href='http:\/\/schuetzen-urbach.de\/wordpress\/wp-content\/uploads\/2024\/09\/img_9306-scaled-e1726552307568.jpg' rel=\"lightbox[2719]\"><img loading=\"lazy\" decoding=\"async\" width=\"150\" height=\"150\" src=\"http:\/\/schuetzen-urbach.de\/wordpress\/wp-content\/uploads\/2024\/09\/img_9306-150x150.jpg\" class=\"attachment-thumbnail size-thumbnail\" alt=\"\" aria-describedby=\"gallery-2-2724\" srcset=\"http:\/\/schuetzen-urbach.de\/wordpress\/wp-content\/uploads\/2024\/09\/img_9306-150x150.jpg 150w, http:\/\/schuetzen-urbach.de\/wordpress\/wp-content\/uploads\/2024\/09\/img_9306-300x300.jpg 300w\" sizes=\"auto, (max-width: 150px) 100vw, 150px\" \/><\/a>\n\t\t\t<\/dt>\n\t\t\t\t<dd class='wp-caption-text gallery-caption' id='gallery-2-2724'>\n\t\t\t\tFoto: Privat\n\t\t\t\t<\/dd><\/dl><dl class='gallery-item'>\n\t\t\t<dt class='gallery-icon landscape'>\n\t\t\t\t<a href='http:\/\/schuetzen-urbach.de\/wordpress\/wp-content\/uploads\/2024\/09\/img_9324-scaled-e1726552317203.jpg' rel=\"lightbox[2719]\"><img loading=\"lazy\" decoding=\"async\" width=\"150\" height=\"150\" src=\"http:\/\/schuetzen-urbach.de\/wordpress\/wp-content\/uploads\/2024\/09\/img_9324-150x150.jpg\" class=\"attachment-thumbnail size-thumbnail\" alt=\"\" aria-describedby=\"gallery-2-2725\" srcset=\"http:\/\/schuetzen-urbach.de\/wordpress\/wp-content\/uploads\/2024\/09\/img_9324-150x150.jpg 150w, http:\/\/schuetzen-urbach.de\/wordpress\/wp-content\/uploads\/2024\/09\/img_9324-300x300.jpg 300w\" sizes=\"auto, (max-width: 150px) 100vw, 150px\" \/><\/a>\n\t\t\t<\/dt>\n\t\t\t\t<dd class='wp-caption-text gallery-caption' id='gallery-2-2725'>\n\t\t\t\tFoto: Privat\n\t\t\t\t<\/dd><\/dl><br style=\"clear: both\" \/>\n\t\t<\/div>\n\n<p>&nbsp;<\/p>\n<p>Die Bruderschaft ist unendlich stolz und freut sich schon auf das, was da in Zukunft noch kommen mag.<\/p>\n","protected":false},"excerpt":{"rendered":"<p>Nachdem sich Philipp Zahner im Juni den Titel des Di\u00f6zesanprinzen gesichert hatte, was gleichzeitig die Qualifikation zum Bundesprinzenschie\u00dfen bedeutete, durfte er aber noch einen Zwischenstopp bei der Deutschen Meisterschaft in\u2026<\/p>\n<p> <a class=\"continue-reading-link\" href=\"http:\/\/schuetzen-urbach.de\/wordpress\/weiter-auf-der-ueberholspur\/\"><span>Weiterlesen<\/span><i class=\"crycon-right-dir\"><\/i><\/a> <\/p>\n","protected":false},"author":2,"featured_media":536,"comment_status":"closed","ping_status":"open","sticky":false,"template":"","format":"standard","meta":{"_crdt_document":"","advgb_blocks_editor_width":"","advgb_blocks_columns_visual_guide":"","footnotes":""},"categories":[1],"tags":[],"class_list":["post-2719","post","type-post","status-publish","format-standard","has-post-thumbnail","hentry","category-allgemein"],"author_meta":{"display_name":"Christoph Backhausen","author_link":"http:\/\/schuetzen-urbach.de\/wordpress\/author\/christoph\/"},"featured_img":"http:\/\/schuetzen-urbach.de\/wordpress\/wp-content\/uploads\/2012\/03\/vereinsheim-front-300x169.jpg","coauthors":[],"tax_additional":{"categories":{"linked":["<a href=\"http:\/\/schuetzen-urbach.de\/wordpress\/category\/allgemein\/\" class=\"advgb-post-tax-term\">Allgemein<\/a>"],"unlinked":["<span class=\"advgb-post-tax-term\">Allgemein<\/span>"]}},"comment_count":"0","relative_dates":{"created":"Ver\u00f6ffentlicht 2\u00a0Jahren vor","modified":"Aktualisiert 2\u00a0Jahren vor"},"absolute_dates":{"created":"Ver\u00f6ffentlicht am 17. September 2024","modified":"Aktualisiert am 17. September 2024"},"absolute_dates_time":{"created":"Ver\u00f6ffentlicht am 17. September 2024 7:56","modified":"Aktualisiert am 17. September 2024 7:56"},"featured_img_caption":"","series_order":"","_links":{"self":[{"href":"http:\/\/schuetzen-urbach.de\/wordpress\/wp-json\/wp\/v2\/posts\/2719","targetHints":{"allow":["GET"]}}],"collection":[{"href":"http:\/\/schuetzen-urbach.de\/wordpress\/wp-json\/wp\/v2\/posts"}],"about":[{"href":"http:\/\/schuetzen-urbach.de\/wordpress\/wp-json\/wp\/v2\/types\/post"}],"author":[{"embeddable":true,"href":"http:\/\/schuetzen-urbach.de\/wordpress\/wp-json\/wp\/v2\/users\/2"}],"replies":[{"embeddable":true,"href":"http:\/\/schuetzen-urbach.de\/wordpress\/wp-json\/wp\/v2\/comments?post=2719"}],"version-history":[{"count":21,"href":"http:\/\/schuetzen-urbach.de\/wordpress\/wp-json\/wp\/v2\/posts\/2719\/revisions"}],"predecessor-version":[{"id":2746,"href":"http:\/\/schuetzen-urbach.de\/wordpress\/wp-json\/wp\/v2\/posts\/2719\/revisions\/2746"}],"wp:featuredmedia":[{"embeddable":true,"href":"http:\/\/schuetzen-urbach.de\/wordpress\/wp-json\/wp\/v2\/media\/536"}],"wp:attachment":[{"href":"http:\/\/schuetzen-urbach.de\/wordpress\/wp-json\/wp\/v2\/media?parent=2719"}],"wp:term":[{"taxonomy":"category","embeddable":true,"href":"http:\/\/schuetzen-urbach.de\/wordpress\/wp-json\/wp\/v2\/categories?post=2719"},{"taxonomy":"post_tag","embeddable":true,"href":"http:\/\/schuetzen-urbach.de\/wordpress\/wp-json\/wp\/v2\/tags?post=2719"}],"curies":[{"name":"wp","href":"https:\/\/api.w.org\/{rel}","templated":true}]}}