{"id":31,"date":"2012-06-26T16:29:34","date_gmt":"2012-06-26T14:29:34","guid":{"rendered":"http:\/\/schuetzen-urbach.de\/wordpress\/runderneuertes-urbacher-schuetzenfest-ein-voller-erfolg\/"},"modified":"2012-06-26T16:29:34","modified_gmt":"2012-06-26T14:29:34","slug":"runderneuertes-urbacher-schuetzenfest-ein-voller-erfolg","status":"publish","type":"post","link":"http:\/\/schuetzen-urbach.de\/wordpress\/runderneuertes-urbacher-schuetzenfest-ein-voller-erfolg\/","title":{"rendered":"Runderneuertes Urbacher Sch\u00fctzenfest ein voller Erfolg"},"content":{"rendered":"<p><strong>In diesem Jahr fand das traditionelle Urbacher Sch\u00fctzen- und Volksfest am Sch\u00fctzenheim in der Bartholom\u00e4usstra\u00dfe vom 22. bis zum 25. Juni statt. Somit wurde das Fest im Vergleich zu den Vorjahren von f\u00fcnf auf vier Tage verk\u00fcrzt. Der Kr\u00f6nungsball stellte bereits am Montagabend den Abschluss eines rundum gelungenen Sch\u00fctzenfestes dar. Das Wetter sorgte am Festsonntag allerdings f\u00fcr ein Novum.<\/strong><\/p>\n<p>  <!--more-->  <\/p>\n<p>Das neustrukturierte Urbacher Sch\u00fctzenfest 2012 begann am Freitagnachmittag wie gewohnt: Die St. Hubertus Sch\u00fctzenbruderschaft lud die Senioren des Ortes zum traditionellen Seniorennachmittag ein, der vom Damenchor Urbach musikalisch begleitet wurde.<\/p>\n<p>Nach dem lockeren Auftakt am Freitag wurde das Fest am Samstag in Sch\u00fctzengr\u00fcn offiziell er\u00f6ffnet. Zwar waren die Programmpunkte an diesem Tag die gleichen wie im Vorjahr, allerdings wurde der Ablauf ver\u00e4ndert: Das Platzkonzert im Altenheim und die Kranzniederlegung am Urbacher Friedhof wurden vorgezogen, sodass der Festgottesdienst in der Pfarrkirche St. Bartholom\u00e4us das letzte Ereignis vor dem Einmarsch ins Sch\u00fctzenheim darstellte. Beim anschlie\u00dfenden B\u00fcrgerk\u00f6nigs- und B\u00fcrgerk\u00f6niginnenschie\u00dfen waren es dann Mario Schubert und Barbara Binder, die die Ehrenw\u00fcrden erringen konnten.<\/p>\n<p>Der Sonntag, der \u00fcblicherweise sowieso schon der ereignisreichste Tag des Festes ist, wartete nach der Runderneuerung in diesem Jahr mit besonders vielen H\u00f6hepunkten auf. So startete bereits am Vormittag das Prinzenschie\u00dfen der Urbacher Jugend. Zur Mittagszeit konnte sich schlie\u00dflich Philipp Zsambok durchsetzen. Er vertritt den Verein im Regentenjahr 2012\/2013 somit zum zweiten Mal als Prinz. Zur Seite steht ihm seine Prinzessin Andrea Jung.<\/p>\n<p>Zwar konnten die sonnenverw\u00f6hnten Urbacher Sch\u00fctzen in den ersten Tagen des Festes in diesem Jahr keine Sommertemperaturen genie\u00dfen, doch war es bis hierhin zumindest gr\u00f6\u00dftenteils trocken geblieben. Am Sonntagnachmittag aber sorgten heftige Regenschauer daf\u00fcr, dass der Urbacher Festzug zum ersten Mal seit mehr als 40 Jahren aus Wettergr\u00fcnden abgesagt werden musste. Die versammelten Urbacher und ausw\u00e4rtigen Sch\u00fctzen lie\u00dfen sich davon aber nicht die Laune vermiesen und setzten das Programm mit dem F\u00e4sschenschie\u00dfen der anwesenden K\u00f6nige und Prinzen fort. Genauso wie das Prinzenschie\u00dfen wurde das K\u00f6nigsschie\u00dfen vom Montag auf den Sonntag vorgezogen und setzte den Schlusspunkt eines denkw\u00fcrdigen Sonntags. Bei seinem neunten Anlauf gelang es Werner Sch\u00f6nau, den letzten Rest des Gipsvogels von der Stange zu schie\u00dfen. Er wird die St. Hubertus Sch\u00fctzenbruderschaft im n\u00e4chsten Jahr gemeinsam mit seiner Lebensgef\u00e4hrtin Veronika Bliefnick als K\u00f6nigspaar vertreten.<\/p>\n<p>Der nun schie\u00dffreie Montag verlief mit dem Eisbeinessen am Mittag und der B\u00fcrgervogelauslosung am Nachmittag zun\u00e4chst ruhiger als in den Vorjahren, um das Urbacher Sch\u00fctzenfest 2012 dann am Abend mit dem Kr\u00f6nungsball geb\u00fchrend abzuschlie\u00dfen.\u00a0Eine besondere Ehrung wurde Johannes Backhausen zuteil. Er bekam das silberne Sportabzeichen f\u00fcr seine besonderen Verdienste um den Schie\u00dfsport auf Bezirks- und Di\u00f6zesanebene verliehen. Weiterhin wurde Marianne Sahler\u00a0f\u00fcr Ihren beispielhaften Einsatz das silberne Verdienstkreuz \u00fcberreicht.<\/p>\n","protected":false},"excerpt":{"rendered":"<p>In diesem Jahr fand das traditionelle Urbacher Sch\u00fctzen- und Volksfest am Sch\u00fctzenheim in der Bartholom\u00e4usstra\u00dfe vom 22. bis zum 25. Juni statt. Somit wurde das Fest im Vergleich zu den\u2026<\/p>\n<p> <a class=\"continue-reading-link\" href=\"http:\/\/schuetzen-urbach.de\/wordpress\/runderneuertes-urbacher-schuetzenfest-ein-voller-erfolg\/\"><span>Weiterlesen<\/span><i class=\"crycon-right-dir\"><\/i><\/a> <\/p>\n","protected":false},"author":1,"featured_media":0,"comment_status":"open","ping_status":"open","sticky":false,"template":"","format":"standard","meta":{"_crdt_document":"","advgb_blocks_editor_width":"","advgb_blocks_columns_visual_guide":"","footnotes":""},"categories":[1],"tags":[],"class_list":["post-31","post","type-post","status-publish","format-standard","hentry","category-allgemein"],"author_meta":{"display_name":"Dominik Neumann","author_link":"http:\/\/schuetzen-urbach.de\/wordpress\/author\/web989\/"},"featured_img":null,"coauthors":[],"tax_additional":{"categories":{"linked":["<a href=\"http:\/\/schuetzen-urbach.de\/wordpress\/category\/allgemein\/\" class=\"advgb-post-tax-term\">Allgemein<\/a>"],"unlinked":["<span class=\"advgb-post-tax-term\">Allgemein<\/span>"]}},"comment_count":"0","relative_dates":{"created":"Ver\u00f6ffentlicht 14\u00a0Jahren vor","modified":"Aktualisiert 14\u00a0Jahren vor"},"absolute_dates":{"created":"Ver\u00f6ffentlicht am 26. Juni 2012","modified":"Aktualisiert am 26. Juni 2012"},"absolute_dates_time":{"created":"Ver\u00f6ffentlicht am 26. Juni 2012 16:29","modified":"Aktualisiert am 26. Juni 2012 16:29"},"featured_img_caption":"","series_order":"","_links":{"self":[{"href":"http:\/\/schuetzen-urbach.de\/wordpress\/wp-json\/wp\/v2\/posts\/31","targetHints":{"allow":["GET"]}}],"collection":[{"href":"http:\/\/schuetzen-urbach.de\/wordpress\/wp-json\/wp\/v2\/posts"}],"about":[{"href":"http:\/\/schuetzen-urbach.de\/wordpress\/wp-json\/wp\/v2\/types\/post"}],"author":[{"embeddable":true,"href":"http:\/\/schuetzen-urbach.de\/wordpress\/wp-json\/wp\/v2\/users\/1"}],"replies":[{"embeddable":true,"href":"http:\/\/schuetzen-urbach.de\/wordpress\/wp-json\/wp\/v2\/comments?post=31"}],"version-history":[{"count":0,"href":"http:\/\/schuetzen-urbach.de\/wordpress\/wp-json\/wp\/v2\/posts\/31\/revisions"}],"wp:attachment":[{"href":"http:\/\/schuetzen-urbach.de\/wordpress\/wp-json\/wp\/v2\/media?parent=31"}],"wp:term":[{"taxonomy":"category","embeddable":true,"href":"http:\/\/schuetzen-urbach.de\/wordpress\/wp-json\/wp\/v2\/categories?post=31"},{"taxonomy":"post_tag","embeddable":true,"href":"http:\/\/schuetzen-urbach.de\/wordpress\/wp-json\/wp\/v2\/tags?post=31"}],"curies":[{"name":"wp","href":"https:\/\/api.w.org\/{rel}","templated":true}]}}