{"id":34,"date":"2012-09-30T17:03:03","date_gmt":"2012-09-30T15:03:03","guid":{"rendered":"http:\/\/schuetzen-urbach.de\/wordpress\/urbach-ii-startet-siegreich\/"},"modified":"2012-09-30T17:03:03","modified_gmt":"2012-09-30T15:03:03","slug":"urbach-ii-startet-siegreich","status":"publish","type":"post","link":"http:\/\/schuetzen-urbach.de\/wordpress\/urbach-ii-startet-siegreich\/","title":{"rendered":"Urbach II startet siegreich"},"content":{"rendered":"<p><span style=\"font-size: small;\"><span style=\"font-family: arial,helvetica,sans-serif;\">Mit dem heutigen Start der Rundenwettk\u00e4mpfe auf Bezirksebene begann eine wettkampfintensive Zeit f\u00fcr die Urbacher Sch\u00fctzen. <\/span><\/span><\/p>\n<p>  <!--more-->  <\/p>\n<p><span style=\"font-size: small;\"><span style=\"font-family: arial,helvetica,sans-serif;\">Auf eigenem Schie\u00dfstand hatte die zweite gegen Eil II <\/span><span style=\"font-family: arial,helvetica,sans-serif;\">keine Probleme mit dem Gegner und konnte mit 582:560 Ringen den Start 2012\/13 <\/span><span class=\"system-pagebreak\" style=\"font-family: arial,helvetica,sans-serif;\">in Gruppe B recht \u00fcberzeugend siegreich gestalten. <br \/><\/span><\/span><\/p>\n<p><span style=\"font-size: small;\"><span class=\"system-pagebreak\" style=\"font-family: arial,helvetica,sans-serif;\">In den n\u00e4chsten beiden Wochen stehen weitere K\u00e4mpfe in der Gruppe A im Bezirk, sowie der Einstieg in der Di\u00f6zesanklasse der Aufgelegtsch\u00fctzen in Gymnich an.<br \/><\/span><\/span><\/p>\n","protected":false},"excerpt":{"rendered":"<p>Mit dem heutigen Start der Rundenwettk\u00e4mpfe auf Bezirksebene begann eine wettkampfintensive Zeit f\u00fcr die Urbacher Sch\u00fctzen.<\/p>\n<p> <a class=\"continue-reading-link\" href=\"http:\/\/schuetzen-urbach.de\/wordpress\/urbach-ii-startet-siegreich\/\"><span>Weiterlesen<\/span><i class=\"crycon-right-dir\"><\/i><\/a> <\/p>\n","protected":false},"author":1,"featured_media":0,"comment_status":"open","ping_status":"open","sticky":false,"template":"","format":"standard","meta":{"_crdt_document":"","advgb_blocks_editor_width":"","advgb_blocks_columns_visual_guide":"","footnotes":""},"categories":[1],"tags":[],"class_list":["post-34","post","type-post","status-publish","format-standard","hentry","category-allgemein"],"author_meta":{"display_name":"Dominik Neumann","author_link":"http:\/\/schuetzen-urbach.de\/wordpress\/author\/web989\/"},"featured_img":null,"coauthors":[],"tax_additional":{"categories":{"linked":["<a href=\"http:\/\/schuetzen-urbach.de\/wordpress\/category\/allgemein\/\" class=\"advgb-post-tax-term\">Allgemein<\/a>"],"unlinked":["<span class=\"advgb-post-tax-term\">Allgemein<\/span>"]}},"comment_count":"0","relative_dates":{"created":"Ver\u00f6ffentlicht 14\u00a0Jahren vor","modified":"Aktualisiert 14\u00a0Jahren vor"},"absolute_dates":{"created":"Ver\u00f6ffentlicht am 30. September 2012","modified":"Aktualisiert am 30. September 2012"},"absolute_dates_time":{"created":"Ver\u00f6ffentlicht am 30. September 2012 17:03","modified":"Aktualisiert am 30. September 2012 17:03"},"featured_img_caption":"","series_order":"","_links":{"self":[{"href":"http:\/\/schuetzen-urbach.de\/wordpress\/wp-json\/wp\/v2\/posts\/34","targetHints":{"allow":["GET"]}}],"collection":[{"href":"http:\/\/schuetzen-urbach.de\/wordpress\/wp-json\/wp\/v2\/posts"}],"about":[{"href":"http:\/\/schuetzen-urbach.de\/wordpress\/wp-json\/wp\/v2\/types\/post"}],"author":[{"embeddable":true,"href":"http:\/\/schuetzen-urbach.de\/wordpress\/wp-json\/wp\/v2\/users\/1"}],"replies":[{"embeddable":true,"href":"http:\/\/schuetzen-urbach.de\/wordpress\/wp-json\/wp\/v2\/comments?post=34"}],"version-history":[{"count":0,"href":"http:\/\/schuetzen-urbach.de\/wordpress\/wp-json\/wp\/v2\/posts\/34\/revisions"}],"wp:attachment":[{"href":"http:\/\/schuetzen-urbach.de\/wordpress\/wp-json\/wp\/v2\/media?parent=34"}],"wp:term":[{"taxonomy":"category","embeddable":true,"href":"http:\/\/schuetzen-urbach.de\/wordpress\/wp-json\/wp\/v2\/categories?post=34"},{"taxonomy":"post_tag","embeddable":true,"href":"http:\/\/schuetzen-urbach.de\/wordpress\/wp-json\/wp\/v2\/tags?post=34"}],"curies":[{"name":"wp","href":"https:\/\/api.w.org\/{rel}","templated":true}]}}