{"id":52,"date":"2013-09-09T19:50:14","date_gmt":"2013-09-09T17:50:14","guid":{"rendered":"http:\/\/schuetzen-urbach.de\/wordpress\/urbacher-schuetzenfest-2013-viel-sonne-und-zwei-kaiserwuerden\/"},"modified":"2018-04-24T08:27:40","modified_gmt":"2018-04-24T06:27:40","slug":"urbacher-schuetzenfest-2013-viel-sonne-und-zwei-kaiserwuerden","status":"publish","type":"post","link":"http:\/\/schuetzen-urbach.de\/wordpress\/urbacher-schuetzenfest-2013-viel-sonne-und-zwei-kaiserwuerden\/","title":{"rendered":"Urbacher Sch\u00fctzenfest 2013: Viel Sonne und zwei Kaiserw\u00fcrden"},"content":{"rendered":"<div id=\"attachment_51\" style=\"width: 490px\" class=\"wp-caption alignnone\"><img loading=\"lazy\" decoding=\"async\" aria-describedby=\"caption-attachment-51\" class=\"wp-image-51 size-full\" src=\"http:\/\/schuetzen-urbach.de\/wordpress\/wp-content\/uploads\/2013\/09\/majestaeten-2013.jpg\" alt=\"\" width=\"480\" height=\"320\" border=\"0\" srcset=\"http:\/\/schuetzen-urbach.de\/wordpress\/wp-content\/uploads\/2013\/09\/majestaeten-2013.jpg 480w, http:\/\/schuetzen-urbach.de\/wordpress\/wp-content\/uploads\/2013\/09\/majestaeten-2013-300x200.jpg 300w, http:\/\/schuetzen-urbach.de\/wordpress\/wp-content\/uploads\/2013\/09\/majestaeten-2013-225x150.jpg 225w, http:\/\/schuetzen-urbach.de\/wordpress\/wp-content\/uploads\/2013\/09\/majestaeten-2013-150x100.jpg 150w\" sizes=\"auto, (max-width: 480px) 100vw, 480px\" \/><p id=\"caption-attachment-51\" class=\"wp-caption-text\">Foto: Privat<\/p><\/div>\n<p>Viel Sonnenschein, ganze f\u00fcnf Festtage und ein altbekannter K\u00f6nig: Das Urbacher Sch\u00fctzen- und Volksfest im Jahr 2013 kn\u00fcpfte wieder an alte Traditionen an. Im Gegensatz zum Vorjahr konnte der gro\u00dfe Festumzug am Sonntag stattfinden und der Kr\u00f6nungsball schloss das Fest nun wieder am Dienstabend statt am Montag ab.<\/p>\n<p><span style=\"line-height: 1.3em;\">Das Auftaktprogramm des Urbacher Sch\u00fctzenfestes am Freitagnachmittag ist so best\u00e4ndig wie popul\u00e4r: Einmal mehr lud die St. Hubertus Sch\u00fctzenbruderschaft die Senioren des Ortes und des Altenzentrums Urbach zum traditionellen Seniorennachmittag ein. Neben der \u00fcblichen musikalischen Begleitung durch den Damenchor Urbach wartete der gastgebende Verein dieses Mal auch mit einer \u00dcberraschung auf: Ein Tenor lie\u00df im Festsaal ungewohnte und zugleich sch\u00f6ne T\u00f6ne erklingen.<\/span><\/p>\n<p>Die offizielle Er\u00f6ffnung des Sch\u00fctzenfestes folgte wie \u00fcblich am Samstag. Auf das Platzkonzert im Altenzentrum Urbach folgte die Kranzniederlegung am Urbacher Friedhof, bei der in diesem Jahr besonders der kurz zuvor verstorbenen Sch\u00fctzenschwester Marianne Lerchen gedacht wurde. Nun folgte eine Programm\u00e4nderung: Da es seit Herbst 2012 keine Samstagsmesse in der Urbacher Pfarrkirche St. Bartholom\u00e4us mehr gibt, fanden sich die Sch\u00fctzen direkt im Anschluss zum B\u00fcrgerk\u00f6nigs- und B\u00fcrgerk\u00f6niginnenschie\u00dfen am Festplatz ein. Hier konnte Karin Zsambok mit ihrem dritten \u201eK\u00f6niginnenschuss\u201c die W\u00fcrde der B\u00fcrgerkaiserin erringen. B\u00fcrgerk\u00f6nig der Bruderschaft wurde Rolf Demont.<\/p>\n<p>Der Festsonntag begann nun mit dem Festgottesdienst, der in diesem Jahr ein besonderer war: So durften wir gemeinsam mit Pater Hieronymus Brodka sein goldenes Priesterjubil\u00e4um feiern. Wir freuen uns, dass wir die Feiergesellschaft im Anschluss als G\u00e4ste in unserem Festsaal empfangen durften. Nach dem gro\u00dfen Festumzug klang der Sonntag im Vergleich zum Vorjahr nun ruhiger aus, da die wichtigsten Schie\u00dfwettbewerbe wieder auf den Montag verschoben wurden.<\/p>\n<p>Nach dem Eisbeinessen am Montagmittag und der B\u00fcrgervogelauslosung am Nachmittag begannen die Jungsch\u00fctzen am fr\u00fchen Abend damit, ihren neuen Prinzen auszuschie\u00dfen. Nicht viel sp\u00e4ter startete die Sch\u00fctzenklasse in ihren Wettkampf um die K\u00f6nigsw\u00fcrde. So wurde es bei beiden Wettbewerben etwa zeitgleich sehr spannend. Schlie\u00dflich schoss Jasmin Bartl das letzte St\u00fcck des Prinzenvogels von der Stange. Sie f\u00fchrt die Urbacher Jugendabteilung im Jahr 2013\/2014 als Prinz an. Wenig sp\u00e4ter tat es ihr Karl M\u00f6rschbacher gleich und entschied somit bereits zum dritten Mal ein K\u00f6nigsschie\u00dfen f\u00fcr sich. In der Folge wird er die St. Hubertus Sch\u00fctzenbruderschaft Porz-Urbach, gemeinsam mit seiner Kaiserin Hannelore, als Kaiser durch das Regentenjahr geleiten.<\/p>\n<p>Neben der feierlichen Kr\u00f6nung der neuen Majest\u00e4ten gab es beim Kr\u00f6nungsball am Dienstag einen weiteren H\u00f6hepunkt: Der scheidende K\u00f6nig und amtierende 1. Schie\u00dfmeister der Bruderschaft, Werner Sch\u00f6nau, erhielt f\u00fcr seine Verdienste um den Schie\u00dfsport das silberne Verdienstkreuz des Sports.<\/p>\n","protected":false},"excerpt":{"rendered":"<p>Viel Sonnenschein, ganze f\u00fcnf Festtage und ein altbekannter K\u00f6nig: Das Urbacher Sch\u00fctzen- und Volksfest im Jahr 2013 kn\u00fcpfte wieder an alte Traditionen an. Im Gegensatz zum Vorjahr konnte der gro\u00dfe\u2026<\/p>\n<p> <a class=\"continue-reading-link\" href=\"http:\/\/schuetzen-urbach.de\/wordpress\/urbacher-schuetzenfest-2013-viel-sonne-und-zwei-kaiserwuerden\/\"><span>Weiterlesen<\/span><i class=\"crycon-right-dir\"><\/i><\/a> <\/p>\n","protected":false},"author":1,"featured_media":51,"comment_status":"open","ping_status":"open","sticky":false,"template":"","format":"standard","meta":{"_crdt_document":"","advgb_blocks_editor_width":"","advgb_blocks_columns_visual_guide":"","footnotes":""},"categories":[1],"tags":[],"class_list":["post-52","post","type-post","status-publish","format-standard","has-post-thumbnail","hentry","category-allgemein"],"author_meta":{"display_name":"Dominik Neumann","author_link":"http:\/\/schuetzen-urbach.de\/wordpress\/author\/web989\/"},"featured_img":"http:\/\/schuetzen-urbach.de\/wordpress\/wp-content\/uploads\/2013\/09\/majestaeten-2013-300x200.jpg","coauthors":[],"tax_additional":{"categories":{"linked":["<a href=\"http:\/\/schuetzen-urbach.de\/wordpress\/category\/allgemein\/\" class=\"advgb-post-tax-term\">Allgemein<\/a>"],"unlinked":["<span class=\"advgb-post-tax-term\">Allgemein<\/span>"]}},"comment_count":"0","relative_dates":{"created":"Ver\u00f6ffentlicht 13\u00a0Jahren vor","modified":"Aktualisiert 8\u00a0Jahren vor"},"absolute_dates":{"created":"Ver\u00f6ffentlicht am 9. September 2013","modified":"Aktualisiert am 24. April 2018"},"absolute_dates_time":{"created":"Ver\u00f6ffentlicht am 9. September 2013 19:50","modified":"Aktualisiert am 24. April 2018 8:27"},"featured_img_caption":"","series_order":"","_links":{"self":[{"href":"http:\/\/schuetzen-urbach.de\/wordpress\/wp-json\/wp\/v2\/posts\/52","targetHints":{"allow":["GET"]}}],"collection":[{"href":"http:\/\/schuetzen-urbach.de\/wordpress\/wp-json\/wp\/v2\/posts"}],"about":[{"href":"http:\/\/schuetzen-urbach.de\/wordpress\/wp-json\/wp\/v2\/types\/post"}],"author":[{"embeddable":true,"href":"http:\/\/schuetzen-urbach.de\/wordpress\/wp-json\/wp\/v2\/users\/1"}],"replies":[{"embeddable":true,"href":"http:\/\/schuetzen-urbach.de\/wordpress\/wp-json\/wp\/v2\/comments?post=52"}],"version-history":[{"count":3,"href":"http:\/\/schuetzen-urbach.de\/wordpress\/wp-json\/wp\/v2\/posts\/52\/revisions"}],"predecessor-version":[{"id":1283,"href":"http:\/\/schuetzen-urbach.de\/wordpress\/wp-json\/wp\/v2\/posts\/52\/revisions\/1283"}],"wp:featuredmedia":[{"embeddable":true,"href":"http:\/\/schuetzen-urbach.de\/wordpress\/wp-json\/wp\/v2\/media\/51"}],"wp:attachment":[{"href":"http:\/\/schuetzen-urbach.de\/wordpress\/wp-json\/wp\/v2\/media?parent=52"}],"wp:term":[{"taxonomy":"category","embeddable":true,"href":"http:\/\/schuetzen-urbach.de\/wordpress\/wp-json\/wp\/v2\/categories?post=52"},{"taxonomy":"post_tag","embeddable":true,"href":"http:\/\/schuetzen-urbach.de\/wordpress\/wp-json\/wp\/v2\/tags?post=52"}],"curies":[{"name":"wp","href":"https:\/\/api.w.org\/{rel}","templated":true}]}}