{"id":58,"date":"2013-12-08T21:07:23","date_gmt":"2013-12-08T20:07:23","guid":{"rendered":"http:\/\/schuetzen-urbach.de\/wordpress\/kunst-und-bastelmarkt-gemuetlich-und-gut-besucht\/"},"modified":"2013-12-08T21:07:23","modified_gmt":"2013-12-08T20:07:23","slug":"kunst-und-bastelmarkt-gemuetlich-und-gut-besucht","status":"publish","type":"post","link":"http:\/\/schuetzen-urbach.de\/wordpress\/kunst-und-bastelmarkt-gemuetlich-und-gut-besucht\/","title":{"rendered":"Kunst- und Bastelmarkt: Gem\u00fctlich und gut besucht"},"content":{"rendered":"<div>\n<p>Am 16. und 17. November veranstaltete die St. Hubertus Sch\u00fctzenbruderschaft Porz-Urbach bereits zum dritten Mal den Kunst- und Bastelmarkt im Vereinsheim in der Bartholom\u00e4usstra\u00dfe. Dieses Mal hatten sich nicht weniger als 18 Aussteller zwei Tage lang im gro\u00dfen Saal niedergelassen, um ihre selbstgemachten Waren auszustellen und zum Kauf anzubieten. Mit W\u00fcrstchen, Salaten und nat\u00fcrlich jeder Menge Kaffee und Kuchen sorgten die Sch\u00fctzen f\u00fcr eine Wohlf\u00fchl-Atmosph\u00e4re. Auch der Schie\u00dfstand stand das Wochenende \u00fcber nicht still: Das gerade erst neu angeschaffte Lasergewehr der Jugendabteilung wurde von interessierten Kindern eingeweiht und ausprobiert.<\/p>\n<p>Bei diesem vielf\u00e4ltigen Angebot war es kein Wunder, dass eine gro\u00dfe Zahl von Besuchern dem kalten Novemberwetter trotzte und dem Markt einen Besuch abstattete. Der wortw\u00f6rtlich gr\u00f6\u00dfte Besucher war am Samstag Rolf \u201eBibo\u201c Mayr, mit 2,22 m der aktuell gr\u00f6\u00dfte Mensch Deutschlands. Neben ihm sah selbst der 1. Brudermeister Harald Zsambok ziemlich klein aus.<\/p>\n<\/p><\/div>\n<p>Insgesamt ziehen wir ein positives Fazit und so war es sicherlich nicht der letzte Kunst- und Bastelmarkt, den wir in unseren R\u00e4umlichkeiten ausgerichtet haben. Wir danken allen beteiligten Mitgliedern f\u00fcr die tatkr\u00e4ftige Unterst\u00fctzung, um die Veranstaltung erfolgreich auf die Beine stellen zu k\u00f6nnen.<\/p>\n","protected":false},"excerpt":{"rendered":"<p>Am 16. und 17. November veranstaltete die St. Hubertus Sch\u00fctzenbruderschaft Porz-Urbach bereits zum dritten Mal den Kunst- und Bastelmarkt im Vereinsheim in der Bartholom\u00e4usstra\u00dfe. Dieses Mal hatten sich nicht weniger\u2026<\/p>\n<p> <a class=\"continue-reading-link\" href=\"http:\/\/schuetzen-urbach.de\/wordpress\/kunst-und-bastelmarkt-gemuetlich-und-gut-besucht\/\"><span>Weiterlesen<\/span><i class=\"crycon-right-dir\"><\/i><\/a> <\/p>\n","protected":false},"author":1,"featured_media":0,"comment_status":"open","ping_status":"open","sticky":false,"template":"","format":"standard","meta":{"_crdt_document":"","advgb_blocks_editor_width":"","advgb_blocks_columns_visual_guide":"","footnotes":""},"categories":[1],"tags":[],"class_list":["post-58","post","type-post","status-publish","format-standard","hentry","category-allgemein"],"author_meta":{"display_name":"Dominik Neumann","author_link":"http:\/\/schuetzen-urbach.de\/wordpress\/author\/web989\/"},"featured_img":null,"coauthors":[],"tax_additional":{"categories":{"linked":["<a href=\"http:\/\/schuetzen-urbach.de\/wordpress\/category\/allgemein\/\" class=\"advgb-post-tax-term\">Allgemein<\/a>"],"unlinked":["<span class=\"advgb-post-tax-term\">Allgemein<\/span>"]}},"comment_count":"0","relative_dates":{"created":"Ver\u00f6ffentlicht 12\u00a0Jahren vor","modified":"Aktualisiert 12\u00a0Jahren vor"},"absolute_dates":{"created":"Ver\u00f6ffentlicht am 8. Dezember 2013","modified":"Aktualisiert am 8. Dezember 2013"},"absolute_dates_time":{"created":"Ver\u00f6ffentlicht am 8. Dezember 2013 21:07","modified":"Aktualisiert am 8. Dezember 2013 21:07"},"featured_img_caption":"","series_order":"","_links":{"self":[{"href":"http:\/\/schuetzen-urbach.de\/wordpress\/wp-json\/wp\/v2\/posts\/58","targetHints":{"allow":["GET"]}}],"collection":[{"href":"http:\/\/schuetzen-urbach.de\/wordpress\/wp-json\/wp\/v2\/posts"}],"about":[{"href":"http:\/\/schuetzen-urbach.de\/wordpress\/wp-json\/wp\/v2\/types\/post"}],"author":[{"embeddable":true,"href":"http:\/\/schuetzen-urbach.de\/wordpress\/wp-json\/wp\/v2\/users\/1"}],"replies":[{"embeddable":true,"href":"http:\/\/schuetzen-urbach.de\/wordpress\/wp-json\/wp\/v2\/comments?post=58"}],"version-history":[{"count":0,"href":"http:\/\/schuetzen-urbach.de\/wordpress\/wp-json\/wp\/v2\/posts\/58\/revisions"}],"wp:attachment":[{"href":"http:\/\/schuetzen-urbach.de\/wordpress\/wp-json\/wp\/v2\/media?parent=58"}],"wp:term":[{"taxonomy":"category","embeddable":true,"href":"http:\/\/schuetzen-urbach.de\/wordpress\/wp-json\/wp\/v2\/categories?post=58"},{"taxonomy":"post_tag","embeddable":true,"href":"http:\/\/schuetzen-urbach.de\/wordpress\/wp-json\/wp\/v2\/tags?post=58"}],"curies":[{"name":"wp","href":"https:\/\/api.w.org\/{rel}","templated":true}]}}